{"id":2214,"date":"2015-01-30T10:54:12","date_gmt":"2015-01-30T13:54:12","guid":{"rendered":"http:\/\/www.exotics.com.br\/blog\/?p=835"},"modified":"2015-01-30T10:54:12","modified_gmt":"2015-01-30T13:54:12","slug":"governo-abre-debate-publico-sobre-regulamentacao-da-lei-de-protecao-de-dados-e-marco-civil-da-internet","status":"publish","type":"post","link":"https:\/\/www.exotics.com.br\/blog\/governo-abre-debate-publico-sobre-regulamentacao-da-lei-de-protecao-de-dados-e-marco-civil-da-internet\/","title":{"rendered":"Governo abre debate p\u00fablico sobre regulamenta\u00e7\u00e3o da Lei de Prote\u00e7\u00e3o de Dados e Marco Civil da Internet"},"content":{"rendered":"<p><a href=\"https:\/\/www.exotics.com.br\/blog\/wp-content\/uploads\/2015\/02\/Captura-de-tela-2015-02-06-\u00e0s-11.59.31.png\"><img loading=\"lazy\" decoding=\"async\" class=\"aligncenter size-full wp-image-836\" src=\"https:\/\/www.exotics.com.br\/blog\/wp-content\/uploads\/2015\/02\/Captura-de-tela-2015-02-06-\u00e0s-11.59.31.png\" alt=\"Captura de tela 2015-02-06 \u00e0s 11.59.31\" width=\"230\" height=\"130\" \/><\/a><\/p>\n<p style=\"text-align: left;\">O Minist\u00e9rio da Justi\u00e7a (MJ) abriu, no dia 28 de janeiro, dois\u00a0<span class=\"highlightedSearchTerm\">debate<\/span>s p\u00fablicos qu<span class=\"highlightedSearchTerm\">e<\/span>\u00a0<span class=\"highlightedSearchTerm\">e<\/span>st\u00e3o dir<span class=\"highlightedSearchTerm\">e<\/span>tam<span class=\"highlightedSearchTerm\">e<\/span>nt<span class=\"highlightedSearchTerm\">e<\/span>\u00a0ligados ao uso da int<span class=\"highlightedSearchTerm\">e<\/span>rn<span class=\"highlightedSearchTerm\">e<\/span>t\u00a0<span class=\"highlightedSearchTerm\">e<\/span>\u00a0\u00e0\u00a0<span class=\"highlightedSearchTerm\">prote\u00e7\u00e3o\u00a0<\/span><span class=\"highlightedSearchTerm\">de<\/span>\u00a0<span class=\"highlightedSearchTerm\">dados<\/span>\u00a0do cidad\u00e3o: o ant<span class=\"highlightedSearchTerm\">e<\/span>proj<span class=\"highlightedSearchTerm\">e<\/span>to\u00a0<span class=\"highlightedSearchTerm\">de<\/span>\u00a0<span class=\"highlightedSearchTerm\">lei<\/span>\u00a0<span class=\"highlightedSearchTerm\">de<\/span>\u00a0<span class=\"highlightedSearchTerm\">Prote\u00e7\u00e3o<\/span>\u00a0<span class=\"highlightedSearchTerm\">de<\/span>\u00a0<span class=\"highlightedSearchTerm\">Dados<\/span>\u00a0P<span class=\"highlightedSearchTerm\">e<\/span>ssoais\u00a0<span class=\"highlightedSearchTerm\">e<\/span>\u00a0a minuta do\u00a0<span class=\"highlightedSearchTerm\">de<\/span>cr<span class=\"highlightedSearchTerm\">e<\/span>to pr<span class=\"highlightedSearchTerm\">e<\/span>si<span class=\"highlightedSearchTerm\">de<\/span>ncial qu<span class=\"highlightedSearchTerm\">e<\/span>\u00a0vai r<span class=\"highlightedSearchTerm\">e<\/span>gulam<span class=\"highlightedSearchTerm\">e<\/span>ntar o\u00a0<span class=\"highlightedSearchTerm\">Marco<\/span>\u00a0<span class=\"highlightedSearchTerm\">Civil<\/span>\u00a0da Int<span class=\"highlightedSearchTerm\">e<\/span>rn<span class=\"highlightedSearchTerm\">e<\/span>t, sancionado\u00a0<span class=\"highlightedSearchTerm\">e<\/span>m abril do ano passado.<\/p>\n<p style=\"text-align: left;\">As duas plataformas, uma para cada t<span class=\"highlightedSearchTerm\">e<\/span>ma,\u00a0<span class=\"highlightedSearchTerm\">e<\/span>st\u00e3o nos portais\u00a0<span class=\"highlightedSearchTerm\">de<\/span>\u00a0participa\u00e7\u00e3o do MJ na int<span class=\"highlightedSearchTerm\">e<\/span>rn<span class=\"highlightedSearchTerm\">e<\/span>t. S\u00e3o\u00a0<span class=\"highlightedSearchTerm\">e<\/span>l<span class=\"highlightedSearchTerm\">e<\/span>s:\u00a0<a href=\"http:\/\/participacao.mj.gov.br\/marcocivil\/\" target=\"_blank\"><span class=\"highlightedSearchTerm\">Debate<\/span>\u00a0P\u00fablico da R<span class=\"highlightedSearchTerm\">e<\/span>gulam<span class=\"highlightedSearchTerm\">e<\/span>nta\u00e7\u00e3o do\u00a0<span class=\"highlightedSearchTerm\">Marco<\/span>\u00a0<span class=\"highlightedSearchTerm\">Civil<\/span>\u00a0da Int<span class=\"highlightedSearchTerm\">e<\/span>rn<span class=\"highlightedSearchTerm\">e<\/span>t<\/a>\u00a0<span class=\"highlightedSearchTerm\">e<\/span>\u00a0<a href=\"http:\/\/participacao.mj.gov.br\/dadospessoais\/\" target=\"_blank\"><span class=\"highlightedSearchTerm\">Debate<\/span>\u00a0P\u00fablico do Ant<span class=\"highlightedSearchTerm\">e<\/span>proj<span class=\"highlightedSearchTerm\">e<\/span>to\u00a0<span class=\"highlightedSearchTerm\">de<\/span>\u00a0<span class=\"highlightedSearchTerm\">Lei<\/span>\u00a0<span class=\"highlightedSearchTerm\">sobre<\/span>\u00a0<span class=\"highlightedSearchTerm\">Prote\u00e7\u00e3o<\/span>\u00a0<span class=\"highlightedSearchTerm\">de<\/span>\u00a0<span class=\"highlightedSearchTerm\">Dados<\/span>\u00a0P<span class=\"highlightedSearchTerm\">e<\/span>ssoais<\/a>.<\/p>\n<p style=\"text-align: left;\"><span class=\"highlightedSearchTerm\">E<\/span>m 2009, o\u00a0<span class=\"highlightedSearchTerm\">Marco<\/span>\u00a0<span class=\"highlightedSearchTerm\">Civil<\/span>\u00a0da Int<span class=\"highlightedSearchTerm\">e<\/span>rn<span class=\"highlightedSearchTerm\">e<\/span>t foi\u00a0<span class=\"highlightedSearchTerm\">e<\/span>laborado a partir\u00a0<span class=\"highlightedSearchTerm\">de<\/span>\u00a0uma plataforma s<span class=\"highlightedSearchTerm\">e<\/span>m<span class=\"highlightedSearchTerm\">e<\/span>lhant<span class=\"highlightedSearchTerm\">e<\/span>,\u00a0<span class=\"highlightedSearchTerm\">e<\/span>\u00a0r<span class=\"highlightedSearchTerm\">e<\/span>c<span class=\"highlightedSearchTerm\">e<\/span>b<span class=\"highlightedSearchTerm\">e<\/span>u mais\u00a0<span class=\"highlightedSearchTerm\">de<\/span>\u00a02 mil sug<span class=\"highlightedSearchTerm\">e<\/span>st\u00f5<span class=\"highlightedSearchTerm\">e<\/span>s. Inicialm<span class=\"highlightedSearchTerm\">e<\/span>nt<span class=\"highlightedSearchTerm\">e<\/span>, os\u00a0<span class=\"highlightedSearchTerm\">debate<\/span>s p\u00fablicos r<span class=\"highlightedSearchTerm\">e<\/span>c<span class=\"highlightedSearchTerm\">e<\/span>b<span class=\"highlightedSearchTerm\">e<\/span>r\u00e3o contribui\u00e7\u00f5<span class=\"highlightedSearchTerm\">e<\/span>s ao longo\u00a0<span class=\"highlightedSearchTerm\">de<\/span>\u00a030 dias, prazo\u00a0<span class=\"highlightedSearchTerm\">e<\/span>ss<span class=\"highlightedSearchTerm\">e<\/span>\u00a0qu<span class=\"highlightedSearchTerm\">e<\/span>\u00a0po<span class=\"highlightedSearchTerm\">de<\/span>r\u00e1 s<span class=\"highlightedSearchTerm\">e<\/span>r<span class=\"highlightedSearchTerm\">e<\/span>st<span class=\"highlightedSearchTerm\">e<\/span>ndido.<\/p>\n<p style=\"text-align: left;\">S<span class=\"highlightedSearchTerm\">e<\/span>gundo o ministro da Justi\u00e7a, Jos\u00e9\u00a0<span class=\"highlightedSearchTerm\">E<\/span>duardo Cardozo, o gov<span class=\"highlightedSearchTerm\">e<\/span>rno pr<span class=\"highlightedSearchTerm\">e<\/span>t<span class=\"highlightedSearchTerm\">e<\/span>n<span class=\"highlightedSearchTerm\">de<\/span>\u00a0<span class=\"highlightedSearchTerm\">e<\/span>laborar dois t<span class=\"highlightedSearchTerm\">e<\/span>xtos a partir das contribui\u00e7\u00f5<span class=\"highlightedSearchTerm\">e<\/span>s qu<span class=\"highlightedSearchTerm\">e<\/span>\u00a0vir\u00e3o\u00a0<span class=\"highlightedSearchTerm\">de<\/span>\u00a0forma\u00a0<span class=\"highlightedSearchTerm\">de<\/span>mocr\u00e1tica\u00a0<span class=\"highlightedSearchTerm\">e<\/span>\u00a0participativa. \u201c\u00c9 fundam<span class=\"highlightedSearchTerm\">e<\/span>ntal qu<span class=\"highlightedSearchTerm\">e<\/span>\u00a0o t<span class=\"highlightedSearchTerm\">e<\/span>xto da r<span class=\"highlightedSearchTerm\">e<\/span>gulam<span class=\"highlightedSearchTerm\">e<\/span>nta\u00e7\u00e3o do\u00a0<span class=\"highlightedSearchTerm\">Marco<\/span><span class=\"highlightedSearchTerm\">Civil<\/span>\u00a0t<span class=\"highlightedSearchTerm\">e<\/span>nha o m<span class=\"highlightedSearchTerm\">e<\/span>smo\u00a0<span class=\"highlightedSearchTerm\">e<\/span>sp\u00edrito do\u00a0<span class=\"highlightedSearchTerm\">de<\/span>cr<span class=\"highlightedSearchTerm\">e<\/span>to qu<span class=\"highlightedSearchTerm\">e<\/span>\u00a0<span class=\"highlightedSearchTerm\">e<\/span>ncantou o mundo\u201d, diss<span class=\"highlightedSearchTerm\">e<\/span>\u00a0ao l<span class=\"highlightedSearchTerm\">e<\/span>mbrar a positiva r<span class=\"highlightedSearchTerm\">e<\/span>p<span class=\"highlightedSearchTerm\">e<\/span>rcuss\u00e3o int<span class=\"highlightedSearchTerm\">e<\/span>rnacional do\u00a0<span class=\"highlightedSearchTerm\">Marco<\/span>\u00a0<span class=\"highlightedSearchTerm\">Civil<\/span>.<\/p>\n<p style=\"text-align: left;\">Para o ministro, o Brasil abriu o caminho para qu<span class=\"highlightedSearchTerm\">e<\/span>\u00a0outros pa\u00eds<span class=\"highlightedSearchTerm\">e<\/span>s formul<span class=\"highlightedSearchTerm\">e<\/span>m suas\u00a0<span class=\"highlightedSearchTerm\">lei<\/span>s\u00a0<span class=\"highlightedSearchTerm\">sobre<\/span>\u00a0a n<span class=\"highlightedSearchTerm\">e<\/span>utralida<span class=\"highlightedSearchTerm\">de<\/span>\u00a0da r<span class=\"highlightedSearchTerm\">e<\/span><span class=\"highlightedSearchTerm\">de<\/span>mundial\u00a0<span class=\"highlightedSearchTerm\">de<\/span>\u00a0computador<span class=\"highlightedSearchTerm\">e<\/span>s. \u201c\u00c9 um novo paradigma, uma nova r<span class=\"highlightedSearchTerm\">e<\/span>f<span class=\"highlightedSearchTerm\">e<\/span>r\u00eancia l<span class=\"highlightedSearchTerm\">e<\/span>gislativa mundial do s\u00e9culo 21, qu<span class=\"highlightedSearchTerm\">e<\/span>\u00a0afirma a nossa sob<span class=\"highlightedSearchTerm\">e<\/span>rania\u201d, afirmou.<\/p>\n<p style=\"text-align: left;\">Da m<span class=\"highlightedSearchTerm\">e<\/span>sma forma qu<span class=\"highlightedSearchTerm\">e<\/span>\u00a0o\u00a0<span class=\"highlightedSearchTerm\">debate<\/span>\u00a0<span class=\"highlightedSearchTerm\">sobre<\/span>\u00a0a r<span class=\"highlightedSearchTerm\">e<\/span>gulam<span class=\"highlightedSearchTerm\">e<\/span>nta\u00e7\u00e3o do\u00a0<span class=\"highlightedSearchTerm\">Marco<\/span>\u00a0<span class=\"highlightedSearchTerm\">Civil<\/span>, Cardozo acr<span class=\"highlightedSearchTerm\">e<\/span>dita qu<span class=\"highlightedSearchTerm\">e<\/span>\u00a0a\u00a0<span class=\"highlightedSearchTerm\">Prote\u00e7\u00e3o<\/span>\u00a0<span class=\"highlightedSearchTerm\">de<\/span>\u00a0<span class=\"highlightedSearchTerm\">Dados<\/span>P<span class=\"highlightedSearchTerm\">e<\/span>ssoais s<span class=\"highlightedSearchTerm\">e<\/span>r\u00e1 mais um\u00a0<span class=\"highlightedSearchTerm\">de<\/span>safio do gov<span class=\"highlightedSearchTerm\">e<\/span>rno\u00a0<span class=\"highlightedSearchTerm\">e<\/span>\u00a0qu<span class=\"highlightedSearchTerm\">e<\/span>\u00a0dar\u00e1\u00a0<span class=\"highlightedSearchTerm\">e<\/span>x<span class=\"highlightedSearchTerm\">e<\/span>mplo ao mundo, pois a \u201campla participa\u00e7\u00e3o da soci<span class=\"highlightedSearchTerm\">e<\/span>da<span class=\"highlightedSearchTerm\">de<\/span>\u00a0no<span class=\"highlightedSearchTerm\">debate<\/span>\u201d vai garantir qu<span class=\"highlightedSearchTerm\">e<\/span>\u00a0o t<span class=\"highlightedSearchTerm\">e<\/span>ma t<span class=\"highlightedSearchTerm\">e<\/span>nha a pactua\u00e7\u00e3o n<span class=\"highlightedSearchTerm\">e<\/span>c<span class=\"highlightedSearchTerm\">e<\/span>ss\u00e1ria com o Congr<span class=\"highlightedSearchTerm\">e<\/span>sso Nacional para sua viabiliza\u00e7\u00e3o.<\/p>\n<p style=\"text-align: left;\">O Minist\u00e9rio da Justi\u00e7a consi<span class=\"highlightedSearchTerm\">de<\/span>ra fundam<span class=\"highlightedSearchTerm\">e<\/span>ntal t<span class=\"highlightedSearchTerm\">e<\/span>r um\u00a0<span class=\"highlightedSearchTerm\">marco<\/span>\u00a0l<span class=\"highlightedSearchTerm\">e<\/span>gal\u00a0<span class=\"highlightedSearchTerm\">de<\/span>\u00a0<span class=\"highlightedSearchTerm\">prote\u00e7\u00e3o<\/span>\u00a0<span class=\"highlightedSearchTerm\">de<\/span>\u00a0<span class=\"highlightedSearchTerm\">dados<\/span>\u00a0no Brasil bas<span class=\"highlightedSearchTerm\">e<\/span>ado no cons<span class=\"highlightedSearchTerm\">e<\/span>ntim<span class=\"highlightedSearchTerm\">e<\/span>nto\u00a0<span class=\"highlightedSearchTerm\">e<\/span>\u00a0no uso l<span class=\"highlightedSearchTerm\">e<\/span>g\u00edtimo\u00a0<span class=\"highlightedSearchTerm\">de<\/span>ss<span class=\"highlightedSearchTerm\">e<\/span>s\u00a0<span class=\"highlightedSearchTerm\">dados<\/span>, f<span class=\"highlightedSearchTerm\">e<\/span>rram<span class=\"highlightedSearchTerm\">e<\/span>ntas\u00a0<span class=\"highlightedSearchTerm\">de<\/span>\u00a0<span class=\"highlightedSearchTerm\">e<\/span>x<span class=\"highlightedSearchTerm\">e<\/span>rc\u00edcio\u00a0<span class=\"highlightedSearchTerm\">de<\/span>\u00a0dir<span class=\"highlightedSearchTerm\">e<\/span>itos\u00a0<span class=\"highlightedSearchTerm\">e<\/span>\u00a0padr\u00f5<span class=\"highlightedSearchTerm\">e<\/span>s m\u00ednimos\u00a0<span class=\"highlightedSearchTerm\">de<\/span>\u00a0s<span class=\"highlightedSearchTerm\">e<\/span>guran\u00e7a\u00a0<span class=\"highlightedSearchTerm\">e<\/span>privacida<span class=\"highlightedSearchTerm\">de<\/span>\u00a0 para o cidad\u00e3o. Atualm<span class=\"highlightedSearchTerm\">e<\/span>nt<span class=\"highlightedSearchTerm\">e<\/span>, mais\u00a0<span class=\"highlightedSearchTerm\">de<\/span>\u00a0100 pa\u00eds<span class=\"highlightedSearchTerm\">e<\/span>s j\u00e1 possu<span class=\"highlightedSearchTerm\">e<\/span>m\u00a0<span class=\"highlightedSearchTerm\">lei<\/span>s\u00a0<span class=\"highlightedSearchTerm\">de<\/span>\u00a0<span class=\"highlightedSearchTerm\">prote\u00e7\u00e3o<\/span>\u00a0<span class=\"highlightedSearchTerm\">de<\/span>\u00a0<span class=\"highlightedSearchTerm\">dados<\/span>\u00a0p<span class=\"highlightedSearchTerm\">e<\/span>ssoais.<\/p>\n<p style=\"text-align: left;\"><b>R<span class=\"highlightedSearchTerm\">e<\/span>gulam<span class=\"highlightedSearchTerm\">e<\/span>nta\u00e7\u00e3o do\u00a0<span class=\"highlightedSearchTerm\">Marco<\/span>\u00a0<span class=\"highlightedSearchTerm\">Civil<\/span><\/b><\/p>\n<p style=\"text-align: left;\">A plataforma\u00a0<span class=\"highlightedSearchTerm\">de<\/span>stinada ao\u00a0<span class=\"highlightedSearchTerm\">debate<\/span>\u00a0do\u00a0<span class=\"highlightedSearchTerm\">Marco<\/span>\u00a0<span class=\"highlightedSearchTerm\">Civil<\/span>\u00a0n\u00e3o t<span class=\"highlightedSearchTerm\">e<\/span>r\u00e1 um t<span class=\"highlightedSearchTerm\">e<\/span>xto\u00a0<span class=\"highlightedSearchTerm\">de<\/span>\u00a0bas<span class=\"highlightedSearchTerm\">e<\/span>. S<span class=\"highlightedSearchTerm\">e<\/span>r\u00e3o criados\u00a0<span class=\"highlightedSearchTerm\">e<\/span>ixos com cont<span class=\"highlightedSearchTerm\">e<\/span>\u00fados j\u00e1 inclusos no\u00a0<span class=\"highlightedSearchTerm\">Marco<\/span>\u00a0<span class=\"highlightedSearchTerm\">Civil<\/span>, mas qu<span class=\"highlightedSearchTerm\">e<\/span>\u00a0foram tratados\u00a0<span class=\"highlightedSearchTerm\">de<\/span>\u00a0forma g<span class=\"highlightedSearchTerm\">e<\/span>n\u00e9rica ou qu<span class=\"highlightedSearchTerm\">e<\/span>\u00a0<span class=\"highlightedSearchTerm\">de<\/span>p<span class=\"highlightedSearchTerm\">e<\/span>n<span class=\"highlightedSearchTerm\">de<\/span>m\u00a0<span class=\"highlightedSearchTerm\">de<\/span>\u00a0r<span class=\"highlightedSearchTerm\">e<\/span>gulam<span class=\"highlightedSearchTerm\">e<\/span>nta\u00e7\u00e3o. S\u00e3o\u00a0<span class=\"highlightedSearchTerm\">e<\/span>l<span class=\"highlightedSearchTerm\">e<\/span>s as<span class=\"highlightedSearchTerm\">e<\/span>xc<span class=\"highlightedSearchTerm\">e<\/span>\u00e7\u00f5<span class=\"highlightedSearchTerm\">e<\/span>s da n<span class=\"highlightedSearchTerm\">e<\/span>utralida<span class=\"highlightedSearchTerm\">de<\/span>\u00a0<span class=\"highlightedSearchTerm\">de<\/span>\u00a0r<span class=\"highlightedSearchTerm\">e<\/span><span class=\"highlightedSearchTerm\">de<\/span>\u00a0(princ\u00edpio qu<span class=\"highlightedSearchTerm\">e<\/span>\u00a0garant<span class=\"highlightedSearchTerm\">e<\/span>\u00a0qu<span class=\"highlightedSearchTerm\">e<\/span>\u00a0<span class=\"highlightedSearchTerm\">dados<\/span>\u00a0qu<span class=\"highlightedSearchTerm\">e<\/span>\u00a0circulam na r<span class=\"highlightedSearchTerm\">e<\/span><span class=\"highlightedSearchTerm\">de<\/span>\u00a0s<span class=\"highlightedSearchTerm\">e<\/span>jam tratados s<span class=\"highlightedSearchTerm\">e<\/span>m distin\u00e7\u00e3o por cont<span class=\"highlightedSearchTerm\">e<\/span>\u00fado, orig<span class=\"highlightedSearchTerm\">e<\/span>m,\u00a0<span class=\"highlightedSearchTerm\">de<\/span>stino ou s<span class=\"highlightedSearchTerm\">e<\/span>rvi\u00e7o), a guarda\u00a0<span class=\"highlightedSearchTerm\">de<\/span>\u00a0r<span class=\"highlightedSearchTerm\">e<\/span>gistros\u00a0<span class=\"highlightedSearchTerm\">de<\/span>\u00a0con<span class=\"highlightedSearchTerm\">e<\/span>x\u00e3o (<span class=\"highlightedSearchTerm\">de<\/span>\u00a0r<span class=\"highlightedSearchTerm\">e<\/span>sponsabilida<span class=\"highlightedSearchTerm\">de<\/span>\u00a0das op<span class=\"highlightedSearchTerm\">e<\/span>radoras)\u00a0<span class=\"highlightedSearchTerm\">e<\/span>r<span class=\"highlightedSearchTerm\">e<\/span>gistros\u00a0<span class=\"highlightedSearchTerm\">de<\/span>\u00a0aplica\u00e7\u00f5<span class=\"highlightedSearchTerm\">e<\/span>s (col<span class=\"highlightedSearchTerm\">e<\/span>tados por sit<span class=\"highlightedSearchTerm\">e<\/span>s, s<span class=\"highlightedSearchTerm\">e<\/span>rvi\u00e7os, r<span class=\"highlightedSearchTerm\">e<\/span><span class=\"highlightedSearchTerm\">de<\/span>s sociais\u00a0<span class=\"highlightedSearchTerm\">e<\/span>\u00a0aplicativos m\u00f3v<span class=\"highlightedSearchTerm\">e<\/span>is), privacida<span class=\"highlightedSearchTerm\">de<\/span>\u00a0na r<span class=\"highlightedSearchTerm\">e<\/span><span class=\"highlightedSearchTerm\">de<\/span>\u00a0<span class=\"highlightedSearchTerm\">e<\/span>\u00a0outros t<span class=\"highlightedSearchTerm\">e<\/span>mas pass\u00edv<span class=\"highlightedSearchTerm\">e<\/span>is\u00a0<span class=\"highlightedSearchTerm\">de<\/span>\u00a0r<span class=\"highlightedSearchTerm\">e<\/span>gulam<span class=\"highlightedSearchTerm\">e<\/span>nta\u00e7\u00e3o.<\/p>\n<p style=\"text-align: left;\"><b><span class=\"highlightedSearchTerm\">Prote\u00e7\u00e3o<\/span>\u00a0<span class=\"highlightedSearchTerm\">de<\/span>\u00a0<span class=\"highlightedSearchTerm\">Dados<\/span>\u00a0P<span class=\"highlightedSearchTerm\">e<\/span>ssoais<\/b><\/p>\n<p style=\"text-align: left;\">A plataforma\u00a0<span class=\"highlightedSearchTerm\">sobre<\/span>\u00a0a\u00a0<span class=\"highlightedSearchTerm\">Prote\u00e7\u00e3o<\/span>\u00a0<span class=\"highlightedSearchTerm\">de<\/span>\u00a0<span class=\"highlightedSearchTerm\">Dados<\/span>\u00a0P<span class=\"highlightedSearchTerm\">e<\/span>ssoais t<span class=\"highlightedSearchTerm\">e<\/span>r\u00e1 a sug<span class=\"highlightedSearchTerm\">e<\/span>st\u00e3o\u00a0<span class=\"highlightedSearchTerm\">de<\/span>\u00a0um t<span class=\"highlightedSearchTerm\">e<\/span>xto\u00a0<span class=\"highlightedSearchTerm\">e<\/span>laborado a partir do\u00a0<span class=\"highlightedSearchTerm\">debate<\/span>\u00a0p\u00fablico qu<span class=\"highlightedSearchTerm\">e<\/span>ocorr<span class=\"highlightedSearchTerm\">e<\/span>u\u00a0<span class=\"highlightedSearchTerm\">e<\/span>ntr<span class=\"highlightedSearchTerm\">e<\/span>\u00a02010\u00a0<span class=\"highlightedSearchTerm\">e<\/span>\u00a02011. O ant<span class=\"highlightedSearchTerm\">e<\/span>proj<span class=\"highlightedSearchTerm\">e<\/span>to\u00a0<span class=\"highlightedSearchTerm\">de<\/span>\u00a0<span class=\"highlightedSearchTerm\">lei<\/span>\u00a0visa ass<span class=\"highlightedSearchTerm\">e<\/span>gurar ao cidad\u00e3o uma s\u00e9ri<span class=\"highlightedSearchTerm\">e<\/span>\u00a0<span class=\"highlightedSearchTerm\">de<\/span>\u00a0dir<span class=\"highlightedSearchTerm\">e<\/span>itos b\u00e1sicos\u00a0<span class=\"highlightedSearchTerm\">sobre<\/span>\u00a0s<span class=\"highlightedSearchTerm\">e<\/span>us pr\u00f3prios\u00a0<span class=\"highlightedSearchTerm\">dados<\/span>\u00a0p<span class=\"highlightedSearchTerm\">e<\/span>ssoais, ainda qu<span class=\"highlightedSearchTerm\">e<\/span>\u00a0armaz<span class=\"highlightedSearchTerm\">e<\/span>nados\u00a0<span class=\"highlightedSearchTerm\">e<\/span>m c<span class=\"highlightedSearchTerm\">e<\/span>ntrais fora do pa\u00eds.<\/p>\n<p style=\"text-align: left;\">O proj<span class=\"highlightedSearchTerm\">e<\/span>to visa p<span class=\"highlightedSearchTerm\">e<\/span>rmitir qu<span class=\"highlightedSearchTerm\">e<\/span>\u00a0o cidad\u00e3o t<span class=\"highlightedSearchTerm\">e<\/span>nha control<span class=\"highlightedSearchTerm\">e<\/span>\u00a0<span class=\"highlightedSearchTerm\">sobre<\/span>\u00a0como suas informa\u00e7\u00f5<span class=\"highlightedSearchTerm\">e<\/span>s p<span class=\"highlightedSearchTerm\">e<\/span>ssoais s\u00e3o utilizadas, s<span class=\"highlightedSearchTerm\">e<\/span>ja por organiza\u00e7\u00e3o,\u00a0<span class=\"highlightedSearchTerm\">e<\/span>mpr<span class=\"highlightedSearchTerm\">e<\/span>sa ou gov<span class=\"highlightedSearchTerm\">e<\/span>rno. T<span class=\"highlightedSearchTerm\">e<\/span>m ainda o obj<span class=\"highlightedSearchTerm\">e<\/span>tivo\u00a0<span class=\"highlightedSearchTerm\">de<\/span>\u00a0<span class=\"highlightedSearchTerm\">e<\/span>stab<span class=\"highlightedSearchTerm\">e<\/span>l<span class=\"highlightedSearchTerm\">e<\/span>c<span class=\"highlightedSearchTerm\">e<\/span>r princ\u00edpios\u00a0<span class=\"highlightedSearchTerm\">e<\/span>\u00a0dir<span class=\"highlightedSearchTerm\">e<\/span>itos como finalida<span class=\"highlightedSearchTerm\">de<\/span>\u00a0<span class=\"highlightedSearchTerm\">e<\/span>sp<span class=\"highlightedSearchTerm\">e<\/span>c\u00edfica (o dado n\u00e3o po<span class=\"highlightedSearchTerm\">de<\/span>\u00a0s<span class=\"highlightedSearchTerm\">e<\/span>r usado para finalida<span class=\"highlightedSearchTerm\">de<\/span>s\u00a0<span class=\"highlightedSearchTerm\">de<\/span>sconh<span class=\"highlightedSearchTerm\">e<\/span>cidas ao cidad\u00e3o), transpar\u00eancia (o cidad\u00e3o t<span class=\"highlightedSearchTerm\">e<\/span>m dir<span class=\"highlightedSearchTerm\">e<\/span>ito\u00a0<span class=\"highlightedSearchTerm\">de<\/span>conh<span class=\"highlightedSearchTerm\">e<\/span>c<span class=\"highlightedSearchTerm\">e<\/span>r quais\u00a0<span class=\"highlightedSearchTerm\">dados<\/span>\u00a0<span class=\"highlightedSearchTerm\">e<\/span>st\u00e3o s<span class=\"highlightedSearchTerm\">e<\/span>ndo tratados\u00a0<span class=\"highlightedSearchTerm\">e<\/span>\u00a0<span class=\"highlightedSearchTerm\">de<\/span>\u00a0qu<span class=\"highlightedSearchTerm\">e<\/span>\u00a0forma)\u00a0<span class=\"highlightedSearchTerm\">e<\/span>\u00a0s<span class=\"highlightedSearchTerm\">e<\/span>guran\u00e7a\u00a0<span class=\"highlightedSearchTerm\">e<\/span>\u00a0r<span class=\"highlightedSearchTerm\">e<\/span>sponsabilida<span class=\"highlightedSearchTerm\">de<\/span>\u00a0(a l<span class=\"highlightedSearchTerm\">e<\/span>gisla\u00e7\u00e3o\u00a0<span class=\"highlightedSearchTerm\">de<\/span>v<span class=\"highlightedSearchTerm\">e<\/span>r\u00e1 pr<span class=\"highlightedSearchTerm\">e<\/span>v<span class=\"highlightedSearchTerm\">e<\/span>r\u00a0<span class=\"highlightedSearchTerm\">e<\/span>v<span class=\"highlightedSearchTerm\">e<\/span>ntual r<span class=\"highlightedSearchTerm\">e<\/span>para\u00e7\u00e3o ao usu\u00e1rio).<\/p>\n<p style=\"text-align: left;\">O t<span class=\"highlightedSearchTerm\">e<\/span>xto trata tamb\u00e9m\u00a0<span class=\"highlightedSearchTerm\">de<\/span>\u00a0qu<span class=\"highlightedSearchTerm\">e<\/span>st\u00f5<span class=\"highlightedSearchTerm\">e<\/span>s como vazam<span class=\"highlightedSearchTerm\">e<\/span>nto\u00a0<span class=\"highlightedSearchTerm\">de<\/span>\u00a0<span class=\"highlightedSearchTerm\">dados<\/span>,\u00a0<span class=\"highlightedSearchTerm\">dados<\/span>\u00a0s<span class=\"highlightedSearchTerm\">e<\/span>ns\u00edv<span class=\"highlightedSearchTerm\">e<\/span>is,\u00a0<span class=\"highlightedSearchTerm\">e<\/span>stab<span class=\"highlightedSearchTerm\">e<\/span>l<span class=\"highlightedSearchTerm\">e<\/span>cim<span class=\"highlightedSearchTerm\">e<\/span>ntos\u00a0<span class=\"highlightedSearchTerm\">de<\/span>\u00a0princ\u00edpios, o cons<span class=\"highlightedSearchTerm\">e<\/span>ntim<span class=\"highlightedSearchTerm\">e<\/span>nto do titular, comunica\u00e7\u00e3o, int<span class=\"highlightedSearchTerm\">e<\/span>rcon<span class=\"highlightedSearchTerm\">e<\/span>x\u00e3o\u00a0<span class=\"highlightedSearchTerm\">e<\/span>\u00a0uso compartilhado\u00a0<span class=\"highlightedSearchTerm\">de<\/span>\u00a0<span class=\"highlightedSearchTerm\">dados<\/span>\u00a0p<span class=\"highlightedSearchTerm\">e<\/span>ssoais, transf<span class=\"highlightedSearchTerm\">e<\/span>r\u00eancia int<span class=\"highlightedSearchTerm\">e<\/span>rnacional\u00a0<span class=\"highlightedSearchTerm\">de<\/span>\u00a0<span class=\"highlightedSearchTerm\">dados<\/span>, r<span class=\"highlightedSearchTerm\">e<\/span>sponsabilida<span class=\"highlightedSearchTerm\">de<\/span>\u00a0dos ag<span class=\"highlightedSearchTerm\">e<\/span>nt<span class=\"highlightedSearchTerm\">e<\/span>s\u00a0<span class=\"highlightedSearchTerm\">de<\/span>\u00a0tratam<span class=\"highlightedSearchTerm\">e<\/span>nto, s<span class=\"highlightedSearchTerm\">e<\/span>guran\u00e7a\u00a0<span class=\"highlightedSearchTerm\">e<\/span>\u00a0sigilo\u00a0<span class=\"highlightedSearchTerm\">de<\/span>\u00a0<span class=\"highlightedSearchTerm\">dados<\/span>, boas pr\u00e1ticas\u00a0<span class=\"highlightedSearchTerm\">e<\/span>san\u00e7\u00f5<span class=\"highlightedSearchTerm\">e<\/span>s administrativas.<\/p>\n<p style=\"text-align: left;\">O <span class=\"highlightedSearchTerm\">debate<\/span>\u00a0pr<span class=\"highlightedSearchTerm\">e<\/span>t<span class=\"highlightedSearchTerm\">e<\/span>n<span class=\"highlightedSearchTerm\">de<\/span>\u00a0discutir com a soci<span class=\"highlightedSearchTerm\">e<\/span>da<span class=\"highlightedSearchTerm\">de<\/span>\u00a0qual a m<span class=\"highlightedSearchTerm\">e<\/span>lhor forma\u00a0<span class=\"highlightedSearchTerm\">de<\/span>\u00a0garantir\u00a0<span class=\"highlightedSearchTerm\">e<\/span>ss<span class=\"highlightedSearchTerm\">e<\/span>s dir<span class=\"highlightedSearchTerm\">e<\/span>itos diant<span class=\"highlightedSearchTerm\">e<\/span>\u00a0<span class=\"highlightedSearchTerm\">de<\/span>\u00a0div<span class=\"highlightedSearchTerm\">e<\/span>rsos mo<span class=\"highlightedSearchTerm\">de<\/span>los\u00a0<span class=\"highlightedSearchTerm\">de<\/span>\u00a0l<span class=\"highlightedSearchTerm\">e<\/span>gisla\u00e7\u00f5<span class=\"highlightedSearchTerm\">e<\/span>s int<span class=\"highlightedSearchTerm\">e<\/span>rnacionais.<\/p>\n<p style=\"text-align: left;\">Al\u00e9m dos portais, os t<span class=\"highlightedSearchTerm\">e<\/span>mas\u00a0<span class=\"highlightedSearchTerm\">e<\/span>st\u00e3o pr<span class=\"highlightedSearchTerm\">e<\/span>s<span class=\"highlightedSearchTerm\">e<\/span>nt<span class=\"highlightedSearchTerm\">e<\/span>s nas r<span class=\"highlightedSearchTerm\">e<\/span><span class=\"highlightedSearchTerm\">de<\/span>s sociais. Ac<span class=\"highlightedSearchTerm\">e<\/span>ss<span class=\"highlightedSearchTerm\">e<\/span>:<\/p>\n<p><a href=\"https:\/\/www.facebook.com\/pages\/Debate-P%25C3%25BAblico-Prote%25C3%25A7%25C3%25A3o-de-Dados-Pessoais\/170882592934972?fref=ts\" target=\"_blank\">Twitt<span class=\"highlightedSearchTerm\">e<\/span>r.com\/<span class=\"highlightedSearchTerm\">dados<\/span>p<span class=\"highlightedSearchTerm\">e<\/span>ssoais<br \/>\nFac<span class=\"highlightedSearchTerm\">e<\/span>book.com\/<span class=\"highlightedSearchTerm\">Debate<\/span>-P\u00fablico-<span class=\"highlightedSearchTerm\">Prote\u00e7\u00e3o<\/span>&#8211;<span class=\"highlightedSearchTerm\">de<\/span>&#8211;<span class=\"highlightedSearchTerm\">Dados<\/span>-P<span class=\"highlightedSearchTerm\">e<\/span>ssoais<\/a><\/p>\n<p><a href=\"https:\/\/www.facebook.com\/marcocivildainternet?fref=ts\" target=\"_blank\">Twitt<span class=\"highlightedSearchTerm\">e<\/span>r.com\/<span class=\"highlightedSearchTerm\">marco<\/span><span class=\"highlightedSearchTerm\">civil<\/span><br \/>\nFac<span class=\"highlightedSearchTerm\">e<\/span>book.com\/<span class=\"highlightedSearchTerm\">marco<\/span><span class=\"highlightedSearchTerm\">civil<\/span>daint<span class=\"highlightedSearchTerm\">e<\/span>rn<span class=\"highlightedSearchTerm\">e<\/span>t<\/a><\/p>\n<p>&nbsp;<\/p>\n","protected":false},"excerpt":{"rendered":"<p>O Minist\u00e9rio da Justi\u00e7a (MJ) abriu, no dia 28 de janeiro, dois\u00a0debates p\u00fablicos que\u00a0est\u00e3o diretamente\u00a0ligados ao uso da internet\u00a0e\u00a0\u00e0\u00a0prote\u00e7\u00e3o\u00a0de\u00a0dados\u00a0do cidad\u00e3o: o anteprojeto\u00a0de\u00a0lei\u00a0de\u00a0Prote\u00e7\u00e3o\u00a0de\u00a0Dados\u00a0Pessoais\u00a0e\u00a0a minuta do\u00a0decreto presidencial que\u00a0vai regulamentar o\u00a0Marco\u00a0Civil\u00a0da Internet, sancionado\u00a0em abril do ano passado. As duas plataformas, uma para cada tema,\u00a0est\u00e3o nos portais\u00a0de\u00a0participa\u00e7\u00e3o do MJ na internet. S\u00e3o\u00a0eles:\u00a0Debate\u00a0P\u00fablico da Regulamenta\u00e7\u00e3o do\u00a0Marco\u00a0Civil\u00a0da Internet\u00a0e\u00a0Debate\u00a0P\u00fablico do Anteprojeto\u00a0de\u00a0Lei\u00a0sobre\u00a0Prote\u00e7\u00e3o\u00a0de\u00a0Dados\u00a0Pessoais. Em [&hellip;]<\/p>\n","protected":false},"author":3,"featured_media":0,"comment_status":"closed","ping_status":"open","sticky":false,"template":"","format":"standard","meta":{"footnotes":""},"categories":[20],"tags":[],"class_list":["post-2214","post","type-post","status-publish","format-standard","hentry","category-geral"],"_links":{"self":[{"href":"https:\/\/www.exotics.com.br\/blog\/wp-json\/wp\/v2\/posts\/2214","targetHints":{"allow":["GET"]}}],"collection":[{"href":"https:\/\/www.exotics.com.br\/blog\/wp-json\/wp\/v2\/posts"}],"about":[{"href":"https:\/\/www.exotics.com.br\/blog\/wp-json\/wp\/v2\/types\/post"}],"author":[{"embeddable":true,"href":"https:\/\/www.exotics.com.br\/blog\/wp-json\/wp\/v2\/users\/3"}],"replies":[{"embeddable":true,"href":"https:\/\/www.exotics.com.br\/blog\/wp-json\/wp\/v2\/comments?post=2214"}],"version-history":[{"count":0,"href":"https:\/\/www.exotics.com.br\/blog\/wp-json\/wp\/v2\/posts\/2214\/revisions"}],"wp:attachment":[{"href":"https:\/\/www.exotics.com.br\/blog\/wp-json\/wp\/v2\/media?parent=2214"}],"wp:term":[{"taxonomy":"category","embeddable":true,"href":"https:\/\/www.exotics.com.br\/blog\/wp-json\/wp\/v2\/categories?post=2214"},{"taxonomy":"post_tag","embeddable":true,"href":"https:\/\/www.exotics.com.br\/blog\/wp-json\/wp\/v2\/tags?post=2214"}],"curies":[{"name":"wp","href":"https:\/\/api.w.org\/{rel}","templated":true}]}}